{"id":298,"date":"2020-10-14T14:54:52","date_gmt":"2020-10-14T12:54:52","guid":{"rendered":"https:\/\/ankersetzen.de\/fbs\/?p=298"},"modified":"2023-11-21T20:25:30","modified_gmt":"2023-11-21T19:25:30","slug":"auswahl-digitaler-werkzeuge-fuer-die-quartiers-und-nachbarschaftsarbeit","status":"publish","type":"post","link":"https:\/\/ankersetzen.de\/fbs\/2020\/10\/14\/auswahl-digitaler-werkzeuge-fuer-die-quartiers-und-nachbarschaftsarbeit\/","title":{"rendered":"Auswahl digitaler Werkzeuge f\u00fcr die Quartiers- und Nachbarschaftsarbeit"},"content":{"rendered":"<p>Ein paar grunds\u00e4tzliche Bemerkungen:<br \/>\nDigitale Werkzeuge sind in diesem Zusammenhang keine Selbstl\u00e4ufer. Die Vielzahl der Funktionen k\u00f6nnen \u00fcberfordern und und unter Umst\u00e4nden auch das Engagement hemmen. Vertrautheit im Umgang mit der Technik schafft Vertrauen in die Tools.<\/p>\n<p>Ein guter Einstieg kann mit diesen Hinweisen gelingen:<\/p>\n<p>o\u00a0\u00a0 Die Einbindung von digitalen Werkzeugen in Pr\u00e4senzveranstaltungen<\/p>\n<p>o\u00a0\u00a0 Eine gemeinsame Schulung vor Ort<\/p>\n<p>o\u00a0\u00a0 Die Interaktion in Videokonferenzen mit externen Tools<\/p>\n<p>o\u00a0\u00a0 Sowie die st\u00e4ndige Begleitung der Teilnehmenden auf verschiedenen Kan\u00e4len wie Telefon, E-Mail, Messenger etc. und nicht zuletzt das pers\u00f6nliche Gespr\u00e4ch<\/p>\n<p>Der<strong> &#8222;Deutscher Parit\u00e4tischer Wohlfahrtsverband &#8211; Gesamtverband e. V.&#8220;<\/strong> hat auf seiner Internetseite eine Prezi-Pr\u00e4sentation ver\u00f6ffentlicht, die verschiedene Werkzeuge f\u00fcr unterschiedliche Zwecke thematisch sortiert pr\u00e4sentiert:<\/p>\n<p>Die Liste der vorgestellten Tools k\u00f6nnt ihr auch auf der Seite herunterladen.<\/p>\n<p>Weiterhin findet ihr dort einen sogenannten digitalen Werkzeugkoffer. Darin enthalten sind ebenfalls Anwendungen f\u00fcr die Zusammenarbeit.<\/p>\n<p>Das <strong>Forum Seniorenarbeit<\/strong> sammelt in seiner Mediathek &#8222;Materialien zum Thema Digitalisierung in der Seniorenarbeit&#8220;. Die vorgestellten Inhalte eignen sich nicht nur f\u00fcr die Arbeit mit \u00c4lteren.<\/p>\n<p>Dank der Suchfunktion k\u00f6nnt ihr verschiedene Filter bei der Recherche setzen:<\/p>\n<p>Wie kann ich die Begegnung im Quartier oder in der Nachbarschaft unter Einbezug dieser digitalen Werkzeugen bef\u00f6rdern? In dieser Handreichung geht es nicht nur um Werkzeuge, sondern auch um die gute Umsetzung dieser Frage:<\/p>\n<p>Wenn wir in und mit Gruppen arbeiten, stehen wir vor vielf\u00e4ltigen Herausforderungen: Die Teilnehmenden k\u00f6nnen z.B. aus unterschiedlichen hierarchischen Ebenen zusammenkommen. Oder sie k\u00f6nnen einander widersprechende Interessen einbringen. Oder oder oder&#8230;<br \/>\nWie das gemeinsame Arbeiten unter diesen Bedingungen gut gelingen kann, dazu hat der <strong>Verband \u00d6sterreichischer Gewerkschaftlicher Bildung (V\u00d6GB)<\/strong> eine Artikelserie ver\u00f6ffentlicht:<\/p>\n<p><a href=\"https:\/\/blog.refak.at\/tag\/grumo\/\" target=\"_blank\" rel=\"noopener noreferrer\">Arbeiten mit heterogenen Gruppen<\/a><\/p>\n<p>Etwas spezieller sind diese Empfehlungen auf der Seite <strong>profilpass-international.eu<\/strong><\/p>\n<p>Das CORE-Toolkit erleichtert und f\u00f6rdert die Arbeit mit Menschen ohne feste Arbeitsverh\u00e4ltnisse. Viele Materialien sind in unterschiedlichen Sprachen verf\u00fcgbar und sie enthalten visuelle Elemente, so dass auch Leute, die nur wenig lesen und schreiben k\u00f6nnen, damit klar kommen:<\/p>\n<p>Das Deutsche Institut f\u00fcr Erwachsenenbildung \u2013 Leibniz-Zentrum f\u00fcr Lebenslanges Lernen hat auf seiner Seite ebenfalls eine Methodensammlung &#8222;Wie sag ich\u2018s meinen Teilnehmern?&#8220; ver\u00f6ffentlicht. Dazu geh\u00f6ren neben Buchvorstellungen, Checklisten, Erfahrungsberichten auch Fallbeispiele, Handlungsanleitungen sowie Linklisten:<\/p>\n","protected":false},"excerpt":{"rendered":"<p>Ein paar grunds\u00e4tzliche Bemerkungen: Digitale Werkzeuge sind in diesem Zusammenhang keine Selbstl\u00e4ufer. Die Vielzahl der Funktionen k\u00f6nnen \u00fcberfordern und und unter Umst\u00e4nden auch das Engagement hemmen. Vertrautheit im Umgang mit der Technik schafft Vertrauen in die Tools. Ein guter Einstieg kann mit diesen Hinweisen gelingen: o\u00a0\u00a0 Die Einbindung von digitalen Werkzeugen in Pr\u00e4senzveranstaltungen o\u00a0\u00a0 Eine&#8230;<\/p>\n","protected":false},"author":3,"featured_media":0,"comment_status":"open","ping_status":"closed","sticky":false,"template":"","format":"standard","meta":{"_crdt_document":"","_coblocks_attr":"","_coblocks_dimensions":"","_coblocks_responsive_height":"","_coblocks_accordion_ie_support":"","footnotes":""},"categories":[1],"tags":[13,9,6,16,27],"class_list":["post-298","post","type-post","status-publish","format-standard","hentry","category-allgemein","tag-digitale_werkzeuge","tag-hilfsangebote","tag-onlineinhalte","tag-programme","tag-schulungsmaterial"],"_links":{"self":[{"href":"https:\/\/ankersetzen.de\/fbs\/wp-json\/wp\/v2\/posts\/298","targetHints":{"allow":["GET"]}}],"collection":[{"href":"https:\/\/ankersetzen.de\/fbs\/wp-json\/wp\/v2\/posts"}],"about":[{"href":"https:\/\/ankersetzen.de\/fbs\/wp-json\/wp\/v2\/types\/post"}],"author":[{"embeddable":true,"href":"https:\/\/ankersetzen.de\/fbs\/wp-json\/wp\/v2\/users\/3"}],"replies":[{"embeddable":true,"href":"https:\/\/ankersetzen.de\/fbs\/wp-json\/wp\/v2\/comments?post=298"}],"version-history":[{"count":10,"href":"https:\/\/ankersetzen.de\/fbs\/wp-json\/wp\/v2\/posts\/298\/revisions"}],"predecessor-version":[{"id":1845,"href":"https:\/\/ankersetzen.de\/fbs\/wp-json\/wp\/v2\/posts\/298\/revisions\/1845"}],"wp:attachment":[{"href":"https:\/\/ankersetzen.de\/fbs\/wp-json\/wp\/v2\/media?parent=298"}],"wp:term":[{"taxonomy":"category","embeddable":true,"href":"https:\/\/ankersetzen.de\/fbs\/wp-json\/wp\/v2\/categories?post=298"},{"taxonomy":"post_tag","embeddable":true,"href":"https:\/\/ankersetzen.de\/fbs\/wp-json\/wp\/v2\/tags?post=298"}],"curies":[{"name":"wp","href":"https:\/\/api.w.org\/{rel}","templated":true}]}}