{"id":1941,"date":"2024-05-14T13:40:55","date_gmt":"2024-05-14T11:40:55","guid":{"rendered":"https:\/\/ankersetzen.de\/fbs\/?p=1941"},"modified":"2024-05-14T13:40:55","modified_gmt":"2024-05-14T11:40:55","slug":"pressemitteilung-aeltere-menschen-an-der-ki-debatte-beteiligen","status":"publish","type":"post","link":"https:\/\/ankersetzen.de\/fbs\/2024\/05\/14\/pressemitteilung-aeltere-menschen-an-der-ki-debatte-beteiligen\/","title":{"rendered":"Pressemitteilung \u00c4ltere Menschen an der KI-Debatte beteiligen"},"content":{"rendered":"\n<figure class=\"wp-block-image size-large\"><img loading=\"lazy\" decoding=\"async\" width=\"1024\" height=\"726\" src=\"https:\/\/ankersetzen.de\/fbs\/wp-content\/uploads\/sites\/5\/2024\/05\/DRUCK_BAGSO_KAPA_Platte_KI_DIN_A3_2024-1024x726.jpg\" alt=\"\" class=\"wp-image-1940\" srcset=\"https:\/\/ankersetzen.de\/fbs\/wp-content\/uploads\/sites\/5\/2024\/05\/DRUCK_BAGSO_KAPA_Platte_KI_DIN_A3_2024-1024x726.jpg 1024w, https:\/\/ankersetzen.de\/fbs\/wp-content\/uploads\/sites\/5\/2024\/05\/DRUCK_BAGSO_KAPA_Platte_KI_DIN_A3_2024-300x213.jpg 300w, https:\/\/ankersetzen.de\/fbs\/wp-content\/uploads\/sites\/5\/2024\/05\/DRUCK_BAGSO_KAPA_Platte_KI_DIN_A3_2024-768x544.jpg 768w, https:\/\/ankersetzen.de\/fbs\/wp-content\/uploads\/sites\/5\/2024\/05\/DRUCK_BAGSO_KAPA_Platte_KI_DIN_A3_2024-1536x1089.jpg 1536w, https:\/\/ankersetzen.de\/fbs\/wp-content\/uploads\/sites\/5\/2024\/05\/DRUCK_BAGSO_KAPA_Platte_KI_DIN_A3_2024-2048x1451.jpg 2048w, https:\/\/ankersetzen.de\/fbs\/wp-content\/uploads\/sites\/5\/2024\/05\/DRUCK_BAGSO_KAPA_Platte_KI_DIN_A3_2024-850x602.jpg 850w\" sizes=\"auto, (max-width: 1024px) 100vw, 1024px\" \/><figcaption class=\"wp-element-caption\">KI f\u00fcr ein gutes Altern<\/figcaption><\/figure>\n\n\n\n<p class=\"wp-block-paragraph\"><strong><em>LAG f\u00fcr Ev. Erwachsenenbildung im Saarland<\/em><\/strong><strong> <\/strong><strong><em>macht \u00e4ltere Menschen fit<\/em><\/strong><\/p>\n\n\n\n<p class=\"wp-block-paragraph\">Technologien, die auf K\u00fcnstlicher Intelligenz beruhen, gewinnen auch im Alltag \u00e4lterer Menschen zunehmend an Bedeutung. Der Einsatz von K\u00fcnstlicher Intelligenz, kurz KI, wirft jedoch auch Fragen auf. In welcher Weise kann sie zu einem guten Leben im Alter beitragen? Und bergen KI-Technologien die Gefahr von Diskriminierung zum Beispiel aufgrund des Lebensalters? Die LAG<strong> <\/strong>setzt sich daf\u00fcr ein, dass \u00e4ltere Menschen aktiv an den Diskussionen \u00fcber diese Fragen beteiligt werden.<\/p>\n\n\n\n<p class=\"wp-block-paragraph\">Unsere Organisation<strong> <\/strong>wurde<strong> <\/strong>unter zahlreichen Bewerbungen ausgew\u00e4hlt, sich am BAGSO-Projekt \u201eKI f\u00fcr ein gutes Altern\u201c zu beteiligen. Als eine von zehn bundes- und landesweit aktiven Seniorenorganisationen erh\u00e4lt die LAG eine technische Ausstattung, mit der KI erlebbar gemacht werden kann, nimmt an Weiterbildungen teil und bietet eigene Veranstaltungen zum Thema KI f\u00fcr \u00e4ltere Menschen an.<strong> <\/strong>Im Fokus stehen ethische und gesellschaftliche Fragestellungen, die auch \u00e4ltere Menschen betreffen.<strong><\/strong><\/p>\n\n\n\n<p class=\"wp-block-paragraph\"><strong>Seniorenministerin Lisa Paus:<\/strong><\/p>\n\n\n\n<p class=\"wp-block-paragraph\">\u201eFast alle Menschen haben im Alter den Wunsch, m\u00f6glichst gesund und m\u00f6glichst lange selbst\u00e4ndig zu leben. Digitale Technologien und besonders Anwendungen mit k\u00fcnstlicher Intelligenz k\u00f6nnen dazu einen erheblichen Beitrag leisten. Damit das gelingt, ist es n\u00f6tig, dass wir gerade die \u00e4ltere Generation mit den Technologien in Kontakt bringen. Mit unserem Projekt \u201eKI f\u00fcr ein gutes Altern\u201c tun wir genau das. Und die Seniorenorganisationen, die sich jetzt zum Thema KI weiterbilden wollen, machen sich mit uns auf den Weg in die Zukunft. Daf\u00fcr danke ich und sage: Herzlich willkommen!\u201c<\/p>\n\n\n\n<p class=\"wp-block-paragraph\"><strong>Regina G\u00f6rner, Vorsitzende der BAGSO:<\/strong><\/p>\n\n\n\n<p class=\"wp-block-paragraph\">\u201eKI kann gerade f\u00fcr \u00e4ltere Menschen ein Segen sein: Sie f\u00f6rdert den Fortschritt in der Medizin, erlaubt mehr Teilhabe am gesellschaftlichen Leben und manchmal macht der Umgang mit ihr auch einfach Spa\u00df. Von all dem d\u00fcrfen \u00c4ltere nicht ausgeschlossen sein. Viel zu oft wird der Beteiligungswille \u00c4lterer untersch\u00e4tzt. Nat\u00fcrlich gibt es Risiken, vor allem, wenn der Einsatz von KI Desinformation und Manipulationen bewirkt. Unser KI-Projekt will daher kritische Verbraucherinnen und Verbraucher schulen, die mit den M\u00f6glichkeiten und Grenzen von K\u00fcnstlicher Intelligenz souver\u00e4n umgehen.\u201c<\/p>\n\n\n\n<p class=\"wp-block-paragraph\">Das Projekt \u201eKI f\u00fcr ein gutes Altern\u201c vermittelt \u00e4lteren Menschen und Seniorenorganisationen Kompetenzen rund um das Thema \u201eK\u00fcnstliche Intelligenz\u201c. Es m\u00f6chte dazu beitragen, dass \u00e4ltere Menschen sich in aktuellen Diskussionen \u00fcber ChatGPT, Mustererkennung oder selbstlernende Algorithmen aktiv einbringen k\u00f6nnen und daf\u00fcr sorgen, dass sie in Forschung und Entwicklung von KI-Systemen st\u00e4rker wahrgenommen und ber\u00fccksichtigt werden. \u201eKI f\u00fcr ein gutes Altern\u201c ist ein Projekt der BAGSO \u2013 Bundesarbeitsgemeinschaft der Seniorenorganisationen e.V. und wird von 2023 bis 2025 vom Bundesfamilienministeriums f\u00fcr Familie, Senioren, Jugend und Frauen gef\u00f6rdert.<\/p>\n\n\n\n<p class=\"wp-block-paragraph\">Weitere Informationen unter <a href=\"https:\/\/ki-und-alter.de\/\">https:\/\/ki-und-alter.de<\/a><\/p>\n","protected":false},"excerpt":{"rendered":"<p>LAG f\u00fcr Ev. Erwachsenenbildung im Saarland macht \u00e4ltere Menschen fit Technologien, die auf K\u00fcnstlicher Intelligenz beruhen, gewinnen auch im Alltag \u00e4lterer Menschen zunehmend an Bedeutung. Der Einsatz von K\u00fcnstlicher Intelligenz, kurz KI, wirft jedoch auch Fragen auf. In welcher Weise kann sie zu einem guten Leben im Alter beitragen? Und bergen KI-Technologien die Gefahr von&#8230;<\/p>\n","protected":false},"author":1,"featured_media":0,"comment_status":"open","ping_status":"closed","sticky":false,"template":"","format":"standard","meta":{"_crdt_document":"","_coblocks_attr":"","_coblocks_dimensions":"","_coblocks_responsive_height":"","_coblocks_accordion_ie_support":"","footnotes":""},"categories":[1],"tags":[],"class_list":["post-1941","post","type-post","status-publish","format-standard","hentry","category-allgemein"],"_links":{"self":[{"href":"https:\/\/ankersetzen.de\/fbs\/wp-json\/wp\/v2\/posts\/1941","targetHints":{"allow":["GET"]}}],"collection":[{"href":"https:\/\/ankersetzen.de\/fbs\/wp-json\/wp\/v2\/posts"}],"about":[{"href":"https:\/\/ankersetzen.de\/fbs\/wp-json\/wp\/v2\/types\/post"}],"author":[{"embeddable":true,"href":"https:\/\/ankersetzen.de\/fbs\/wp-json\/wp\/v2\/users\/1"}],"replies":[{"embeddable":true,"href":"https:\/\/ankersetzen.de\/fbs\/wp-json\/wp\/v2\/comments?post=1941"}],"version-history":[{"count":1,"href":"https:\/\/ankersetzen.de\/fbs\/wp-json\/wp\/v2\/posts\/1941\/revisions"}],"predecessor-version":[{"id":1942,"href":"https:\/\/ankersetzen.de\/fbs\/wp-json\/wp\/v2\/posts\/1941\/revisions\/1942"}],"wp:attachment":[{"href":"https:\/\/ankersetzen.de\/fbs\/wp-json\/wp\/v2\/media?parent=1941"}],"wp:term":[{"taxonomy":"category","embeddable":true,"href":"https:\/\/ankersetzen.de\/fbs\/wp-json\/wp\/v2\/categories?post=1941"},{"taxonomy":"post_tag","embeddable":true,"href":"https:\/\/ankersetzen.de\/fbs\/wp-json\/wp\/v2\/tags?post=1941"}],"curies":[{"name":"wp","href":"https:\/\/api.w.org\/{rel}","templated":true}]}}