{"id":140,"date":"2020-04-28T10:35:42","date_gmt":"2020-04-28T08:35:42","guid":{"rendered":"https:\/\/ankersetzen.de\/fbs\/?p=140"},"modified":"2020-04-28T10:36:30","modified_gmt":"2020-04-28T08:36:30","slug":"videokonferenzen-onlinemeetings-und-webinare-aus-rechtlicher-sicht","status":"publish","type":"post","link":"https:\/\/ankersetzen.de\/fbs\/2020\/04\/28\/videokonferenzen-onlinemeetings-und-webinare-aus-rechtlicher-sicht\/","title":{"rendered":"Videokonferenzen, Onlinemeetings und Webinare aus rechtlicher Sicht"},"content":{"rendered":"<figure id=\"attachment_141\" aria-describedby=\"caption-attachment-141\" style=\"width: 225px\" class=\"wp-caption alignnone\"><img loading=\"lazy\" decoding=\"async\" class=\"wp-image-141 size-medium\" src=\"https:\/\/ankersetzen.de\/fbs\/wp-content\/uploads\/sites\/5\/2020\/04\/Gleise-225x300.jpg\" alt=\"Gleise\" width=\"225\" height=\"300\" srcset=\"https:\/\/ankersetzen.de\/fbs\/wp-content\/uploads\/sites\/5\/2020\/04\/Gleise-225x300.jpg 225w, https:\/\/ankersetzen.de\/fbs\/wp-content\/uploads\/sites\/5\/2020\/04\/Gleise-768x1024.jpg 768w, https:\/\/ankersetzen.de\/fbs\/wp-content\/uploads\/sites\/5\/2020\/04\/Gleise-1152x1536.jpg 1152w, https:\/\/ankersetzen.de\/fbs\/wp-content\/uploads\/sites\/5\/2020\/04\/Gleise-1536x2048.jpg 1536w, https:\/\/ankersetzen.de\/fbs\/wp-content\/uploads\/sites\/5\/2020\/04\/Gleise-scaled.jpg 1920w\" sizes=\"auto, (max-width: 225px) 100vw, 225px\" \/><figcaption id=\"caption-attachment-141\" class=\"wp-caption-text\">Gleise<\/figcaption><\/figure>\n<p>Dr. jur. Thomas Schwenke (u.a. Zertifizierter Datenschutzbeauftragter (T\u00dcV S\u00fcd) hat auf seiner Seite folgende \u00dcbersicht inkl. einer Checkliste ver\u00f6ffentlicht, die die rechtlichen Aspekte der angesprochenen Themen allgemeinverst\u00e4ndlich darstellen:<\/p>\n<p><a href=\"https:\/\/datenschutz-generator.de\/dsgvo-video-konferenzen-online-meeting\" target=\"_blank\" rel=\"noopener noreferrer\">DSGVO-sicher? Videokonferenzen, Onlinemeetings und Webinare (mit Anbieter\u00fcbersicht und Checkliste)<\/a><\/p>\n","protected":false},"excerpt":{"rendered":"<p>Dr. jur. Thomas Schwenke (u.a. Zertifizierter Datenschutzbeauftragter (T\u00dcV S\u00fcd) hat auf seiner Seite folgende \u00dcbersicht inkl. einer Checkliste ver\u00f6ffentlicht, die die rechtlichen Aspekte der angesprochenen Themen allgemeinverst\u00e4ndlich darstellen: DSGVO-sicher? Videokonferenzen, Onlinemeetings und Webinare (mit Anbieter\u00fcbersicht und Checkliste)<\/p>\n","protected":false},"author":3,"featured_media":0,"comment_status":"open","ping_status":"closed","sticky":false,"template":"","format":"standard","meta":{"_crdt_document":"","_coblocks_attr":"","_coblocks_dimensions":"","_coblocks_responsive_height":"","_coblocks_accordion_ie_support":"","footnotes":""},"categories":[1],"tags":[8,4],"class_list":["post-140","post","type-post","status-publish","format-standard","hentry","category-allgemein","tag-videokonferenz","tag-webinare"],"_links":{"self":[{"href":"https:\/\/ankersetzen.de\/fbs\/wp-json\/wp\/v2\/posts\/140","targetHints":{"allow":["GET"]}}],"collection":[{"href":"https:\/\/ankersetzen.de\/fbs\/wp-json\/wp\/v2\/posts"}],"about":[{"href":"https:\/\/ankersetzen.de\/fbs\/wp-json\/wp\/v2\/types\/post"}],"author":[{"embeddable":true,"href":"https:\/\/ankersetzen.de\/fbs\/wp-json\/wp\/v2\/users\/3"}],"replies":[{"embeddable":true,"href":"https:\/\/ankersetzen.de\/fbs\/wp-json\/wp\/v2\/comments?post=140"}],"version-history":[{"count":3,"href":"https:\/\/ankersetzen.de\/fbs\/wp-json\/wp\/v2\/posts\/140\/revisions"}],"predecessor-version":[{"id":144,"href":"https:\/\/ankersetzen.de\/fbs\/wp-json\/wp\/v2\/posts\/140\/revisions\/144"}],"wp:attachment":[{"href":"https:\/\/ankersetzen.de\/fbs\/wp-json\/wp\/v2\/media?parent=140"}],"wp:term":[{"taxonomy":"category","embeddable":true,"href":"https:\/\/ankersetzen.de\/fbs\/wp-json\/wp\/v2\/categories?post=140"},{"taxonomy":"post_tag","embeddable":true,"href":"https:\/\/ankersetzen.de\/fbs\/wp-json\/wp\/v2\/tags?post=140"}],"curies":[{"name":"wp","href":"https:\/\/api.w.org\/{rel}","templated":true}]}}