{"id":1077,"date":"2022-02-22T11:00:32","date_gmt":"2022-02-22T10:00:32","guid":{"rendered":"https:\/\/ankersetzen.de\/fbs\/?p=1077"},"modified":"2022-02-22T11:00:32","modified_gmt":"2022-02-22T10:00:32","slug":"der-baukasten-der-medienkompetenz","status":"publish","type":"post","link":"https:\/\/ankersetzen.de\/fbs\/2022\/02\/22\/der-baukasten-der-medienkompetenz\/","title":{"rendered":"Der Baukasten der Medienkompetenz"},"content":{"rendered":"\n<p class=\"wp-block-paragraph\">Die TH K\u00f6ln hat mit dem Berufsf\u00f6rderungswerk K\u00f6ln einen Baukasten der Medienkompetenz entwickelt. Darin sind Lehr- und Arbeitsmaterialien enthalten, die in der beruflichen Bildung die Medienkompetenz der Lernenden aufbauen und f\u00f6rdern sollen. Die Inhalte stehen unter einer CC BY-SA-Lizenz, d.h., sie d\u00fcrfen auch kommerziell frei genutzt und angepasst werden.<br>Mehr dar\u00fcber erz\u00e4hlt uns dieser Beitrag im Medienp\u00e4dagogikPraxis-Blog:<\/p>\n\n\n\n<p class=\"wp-block-paragraph\"><a href=\"https:\/\/www.medienpaedagogik-praxis.de\/2022\/02\/01\/baukasten-der-medienkompetenz\/\" data-type=\"URL\" data-id=\"https:\/\/www.medienpaedagogik-praxis.de\/2022\/02\/01\/baukasten-der-medienkompetenz\/\" target=\"_blank\" rel=\"noreferrer noopener\">Der Baukasten der Medienkompetenz: Materialien zur inklusiven Medienkompetenzvermittlung in der beruflichen Bildung<\/a><\/p>\n\n\n\n<p class=\"wp-block-paragraph\">Und zum Baukasten geht es hier entlang:<\/p>\n\n\n\n<p class=\"wp-block-paragraph\"><a href=\"https:\/\/daslernbuero.de\/goto_idit_cat_679.html\" data-type=\"URL\" data-id=\"https:\/\/daslernbuero.de\/goto_idit_cat_679.html\" target=\"_blank\" rel=\"noreferrer noopener\">Baukasten der Medienkompetenz (daslernbuero.de)<\/a><\/p>\n\n\n\n<figure class=\"wp-block-image size-full is-resized\"><img loading=\"lazy\" decoding=\"async\" src=\"https:\/\/ankersetzen.de\/fbs\/wp-content\/uploads\/sites\/5\/2022\/02\/Module-Baukasten-Medienkompetenz.jpg\" alt=\"\" class=\"wp-image-1078\" width=\"452\" height=\"463\" srcset=\"https:\/\/ankersetzen.de\/fbs\/wp-content\/uploads\/sites\/5\/2022\/02\/Module-Baukasten-Medienkompetenz.jpg 872w, https:\/\/ankersetzen.de\/fbs\/wp-content\/uploads\/sites\/5\/2022\/02\/Module-Baukasten-Medienkompetenz-293x300.jpg 293w, https:\/\/ankersetzen.de\/fbs\/wp-content\/uploads\/sites\/5\/2022\/02\/Module-Baukasten-Medienkompetenz-768x787.jpg 768w\" sizes=\"auto, (max-width: 452px) 100vw, 452px\" \/><figcaption>Die 6 Module des Baukastens, <em>Grafik von Jule Murmann, <a rel=\"noreferrer noopener\" href=\"https:\/\/creativecommons.org\/licenses\/by-sa\/4.0\/deed.de\" target=\"_blank\">CC BY-SA 4.0<\/a>.<\/em><\/figcaption><\/figure>\n","protected":false},"excerpt":{"rendered":"<p>Die TH K\u00f6ln hat mit dem Berufsf\u00f6rderungswerk K\u00f6ln einen Baukasten der Medienkompetenz entwickelt. Darin sind Lehr- und Arbeitsmaterialien enthalten, die in der beruflichen Bildung die Medienkompetenz der Lernenden aufbauen und f\u00f6rdern sollen. Die Inhalte stehen unter einer CC BY-SA-Lizenz, d.h., sie d\u00fcrfen auch kommerziell frei genutzt und angepasst werden.Mehr dar\u00fcber erz\u00e4hlt uns dieser Beitrag im&#8230;<\/p>\n","protected":false},"author":3,"featured_media":0,"comment_status":"open","ping_status":"closed","sticky":false,"template":"","format":"standard","meta":{"_crdt_document":"","_coblocks_attr":"","_coblocks_dimensions":"","_coblocks_responsive_height":"","_coblocks_accordion_ie_support":"","footnotes":""},"categories":[1],"tags":[23,24,13],"class_list":["post-1077","post","type-post","status-publish","format-standard","hentry","category-allgemein","tag-cc-lizenzen","tag-didaktik","tag-digitale_werkzeuge"],"_links":{"self":[{"href":"https:\/\/ankersetzen.de\/fbs\/wp-json\/wp\/v2\/posts\/1077","targetHints":{"allow":["GET"]}}],"collection":[{"href":"https:\/\/ankersetzen.de\/fbs\/wp-json\/wp\/v2\/posts"}],"about":[{"href":"https:\/\/ankersetzen.de\/fbs\/wp-json\/wp\/v2\/types\/post"}],"author":[{"embeddable":true,"href":"https:\/\/ankersetzen.de\/fbs\/wp-json\/wp\/v2\/users\/3"}],"replies":[{"embeddable":true,"href":"https:\/\/ankersetzen.de\/fbs\/wp-json\/wp\/v2\/comments?post=1077"}],"version-history":[{"count":1,"href":"https:\/\/ankersetzen.de\/fbs\/wp-json\/wp\/v2\/posts\/1077\/revisions"}],"predecessor-version":[{"id":1079,"href":"https:\/\/ankersetzen.de\/fbs\/wp-json\/wp\/v2\/posts\/1077\/revisions\/1079"}],"wp:attachment":[{"href":"https:\/\/ankersetzen.de\/fbs\/wp-json\/wp\/v2\/media?parent=1077"}],"wp:term":[{"taxonomy":"category","embeddable":true,"href":"https:\/\/ankersetzen.de\/fbs\/wp-json\/wp\/v2\/categories?post=1077"},{"taxonomy":"post_tag","embeddable":true,"href":"https:\/\/ankersetzen.de\/fbs\/wp-json\/wp\/v2\/tags?post=1077"}],"curies":[{"name":"wp","href":"https:\/\/api.w.org\/{rel}","templated":true}]}}